{"id":914,"date":"2023-10-23T10:40:54","date_gmt":"2023-10-23T10:40:54","guid":{"rendered":"https:\/\/cormne.me\/vardar\/?p=914"},"modified":"2023-10-23T10:40:54","modified_gmt":"2023-10-23T10:40:54","slug":"srecan-23-oktobar","status":"publish","type":"post","link":"https:\/\/cormne.me\/vardar\/2023\/10\/23\/srecan-23-oktobar\/","title":{"rendered":"Sre\u0107an 23 oktobar"},"content":{"rendered":"\n<p>Dan makedonske revolucionarne borbe je dr\u017eavni praznik koji se obilje\u017eava 23. oktobra u Republici Sjevernoj Makedoniji.\u00a0 Praznik se obilje\u017eava od 2007. godine. Praznik se obilje\u017eava povodom osnivanja Makedonske revolucionarne organizacije u Solunu. Naime, 23. oktobra 1893. godine, u ku\u0107i solunskog knji\u017eara Ivana Had\u017ei Nikolova, \u0161estorica mladi\u0107a okupila su se da postave temelje onoga \u0161to \u0107e postati simbol i zastava makedonske borbe za slobodu. Osniva\u010di su bili: Hristo Tatar\u010dev, Dame Gruev, Petar Pop Arsov, Ivan Had\u017ei Nikolov, Anton Dimitrov i Hristo Batan\u0111ijev. Osnovali su zavjereni\u010dku grupu, nazvav\u0161i je Makedonski revolucionarni komitet.<\/p>\n\n\n\n<p>Tada su postavljeni ciljevi organizacije: da bude tajna i revolucionarna; da djeluje na teritoriji koja \u010dini Makedoniju u njenim geografskim i etnografskim granicama, zbog \u010dega \u0107e se nazvati unutra\u0161njom teritorijom; njeni \u010dlanovi treba da budu ljudi koji su ro\u0111eni i \u017eive u Makedoniji, bez obzira na vjeru i nacionalnost. Politi\u010dki cilj je bio: autonomija Makedonije, da se o\u010duva nezavisnost organizacije, da ne potpadne pod uticaj politike vlada susjednih slobodnih dr\u017eava. Za predsjednika je izabran Hristo Tatar\u010dev, a za sekretara-blagajnika Dame Gruev.<br>Me\u0111utim, organizacija je dobila svoj zamah nakon Solunskog kongresa. Najpouzdanije podatke o kongresu odr\u017eanom u Solunu u ljeto 1896. godine daje Gor\u010de Petrov. Organizacija se borila za oslobo\u0111enje Makedonije sopstvenim snagama, bez spoljne pomo\u0107i. Formiranje MRO zna\u010dilo je po\u010detak organizovanog makedonskog revolucionarnog pokreta, koji je preko Ilindena 1903. i Kru\u0161evske republike, a potom i preko NOB-a, rezultirao stvaranjem moderne nezavisne makedonske dr\u017eave. Ovaj datum se vezuje za organizovanu borbu makedonskog naroda i naroda koji su \u017eivjeli u Makedoniji za formiranje nezavisne dr\u017eave. U politi\u010dkom smislu borba za autonomiju je zna\u010dila formiranje nezavisne dr\u017eave i stoga 23. oktobar simbolizuje kontinuitet makedonske borbe za nezavisnost.<\/p>\n","protected":false},"excerpt":{"rendered":"<p>Dan makedonske revolucionarne borbe je dr\u017eavni praznik koji se obilje\u017eava 23. oktobra u Republici Sjevernoj Makedoniji.\u00a0 Praznik se obilje\u017eava od 2007. godine. [&hellip;]<\/p>\n","protected":false},"author":1,"featured_media":915,"comment_status":"open","ping_status":"open","sticky":false,"template":"","format":"standard","meta":{"footnotes":""},"categories":[7],"tags":[],"class_list":["post-914","post","type-post","status-publish","format-standard","has-post-thumbnail","hentry","category-novosti"],"aioseo_notices":[],"_links":{"self":[{"href":"https:\/\/cormne.me\/vardar\/wp-json\/wp\/v2\/posts\/914","targetHints":{"allow":["GET"]}}],"collection":[{"href":"https:\/\/cormne.me\/vardar\/wp-json\/wp\/v2\/posts"}],"about":[{"href":"https:\/\/cormne.me\/vardar\/wp-json\/wp\/v2\/types\/post"}],"author":[{"embeddable":true,"href":"https:\/\/cormne.me\/vardar\/wp-json\/wp\/v2\/users\/1"}],"replies":[{"embeddable":true,"href":"https:\/\/cormne.me\/vardar\/wp-json\/wp\/v2\/comments?post=914"}],"version-history":[{"count":1,"href":"https:\/\/cormne.me\/vardar\/wp-json\/wp\/v2\/posts\/914\/revisions"}],"predecessor-version":[{"id":916,"href":"https:\/\/cormne.me\/vardar\/wp-json\/wp\/v2\/posts\/914\/revisions\/916"}],"wp:featuredmedia":[{"embeddable":true,"href":"https:\/\/cormne.me\/vardar\/wp-json\/wp\/v2\/media\/915"}],"wp:attachment":[{"href":"https:\/\/cormne.me\/vardar\/wp-json\/wp\/v2\/media?parent=914"}],"wp:term":[{"taxonomy":"category","embeddable":true,"href":"https:\/\/cormne.me\/vardar\/wp-json\/wp\/v2\/categories?post=914"},{"taxonomy":"post_tag","embeddable":true,"href":"https:\/\/cormne.me\/vardar\/wp-json\/wp\/v2\/tags?post=914"}],"curies":[{"name":"wp","href":"https:\/\/api.w.org\/{rel}","templated":true}]}}