{"id":834,"date":"2023-08-15T14:54:56","date_gmt":"2023-08-15T14:54:56","guid":{"rendered":"https:\/\/cormne.me\/vardar\/?p=834"},"modified":"2023-08-15T14:54:56","modified_gmt":"2023-08-15T14:54:56","slug":"prvi-stomatolog-u-podgorici-bio-je-makedonac-risto-kuslev","status":"publish","type":"post","link":"https:\/\/cormne.me\/vardar\/2023\/08\/15\/prvi-stomatolog-u-podgorici-bio-je-makedonac-risto-kuslev\/","title":{"rendered":"Prvi stomatolog u Podgorici bio je Makedonac Risto Kuslev"},"content":{"rendered":"\n<p><strong><em>Risto Kuslev (1887 \u2013 1943) je ro\u0111en u Gr\u010dkoj. Po nacionalosti je bio Makedonac, a u Podgorici se osje\u0107ao kao Podgori\u010danin. Bio je oznat kao zubar, dobrotvor i humanista.<\/em><\/strong><\/p>\n\n\n\n<p>\u0160kolovao se u Solunu i \u017denevi. Nakon zavr\u0161etka studija, na poziv Kralja Nikole, dolazi na Cetinje. Ali ovaj dvorski ljekar nije lije\u010dio samo kraljevsku porodicu i diplomate. U starim brojevima \u201eGlasa Crnogoraca\u201c, postoji oglas gdje on objavljuje da ide u Virpazar, Stari Bar, Cetinje, Nik\u0161i\u0107, da lije\u010di ljude sa tog podru\u010dja.<\/p>\n\n\n\n<p>Tako da je on praksu obavljao i u drugim gradovima, ali je \u017eivio i radio na Cetinju. Zbog svega toga 1911. godine dobija Zlatnu medalju za revnost. Ve\u0107 od 1913. godine ordinirao je iz ambulante koja se nalazila u Staroj Varo\u0161i.<\/p>\n\n\n\n<figure class=\"wp-block-image size-full\"><img loading=\"lazy\" decoding=\"async\" width=\"300\" height=\"272\" src=\"https:\/\/cormne.me\/vardar\/wp-content\/uploads\/2023\/08\/RISTO.webp\" alt=\"\" class=\"wp-image-835\" srcset=\"https:\/\/cormne.me\/vardar\/wp-content\/uploads\/2023\/08\/RISTO.webp 300w, https:\/\/cormne.me\/vardar\/wp-content\/uploads\/2023\/08\/RISTO-230x209.webp 230w\" sizes=\"auto, (max-width: 300px) 100vw, 300px\" \/><figcaption class=\"wp-element-caption\">Risto Kuslev<\/figcaption><\/figure>\n\n\n\n<p>Odlu\u010duje da kupi plac na obali Ribnice i napravi ku\u0107u u kojoj bi smjestio svoju ordinaciju. Sagradio je kompleks ku\u0107a, a podigao je i park, jedinstven u tada\u0161njoj Podgorici. Anga\u017eovalo ga je Ministarstvo prosjvete da lije\u010di zube podgori\u010dkim \u0111acima. U svojoj ku\u0107i je lije\u010dio sugra\u0111ane i obu\u010davao zubare i zubne tehni\u010dare.<\/p>\n\n\n\n<p>Ali njegova porodica se u Podorici ne pamti samo po tome. U dvori\u0161tu velelepne ku\u0107e, Risto i njegova supruga Vinka su prire\u0111ivali zabave za djecu za vrijeme praznika. Vinka je ostavila neizbrisiv trag me\u0111u podgori\u010dkim porodicama tog doba. Tokom rata je organizovala i narodnu kuhinju, okupljala siroma\u0161nu djecu, spremala hranu.<\/p>\n\n\n\n<p>Ostalo je zabilje\u017eeno da je zbrinula puno izbjeglica sa Metohije. Brinula se i o njihovom smje\u0161taju i \u017eivotu. Preminula je 1986. godine u Sarajevu. Kusleova ku\u0107a pretvorena je u Muzej grada i jedna je od rijetkih koje su sa\u010duvale autenti\u010dan izgled s po\u010detka pro\u0161log vijeka. Njenu je fasadu obnovila Agencija za stanovanje Glavnog grada.<\/p>\n","protected":false},"excerpt":{"rendered":"<p>Risto Kuslev (1887 \u2013 1943) je ro\u0111en u Gr\u010dkoj. Po nacionalosti je bio Makedonac, a u Podgorici se osje\u0107ao kao Podgori\u010danin. Bio [&hellip;]<\/p>\n","protected":false},"author":1,"featured_media":836,"comment_status":"open","ping_status":"open","sticky":false,"template":"","format":"standard","meta":{"footnotes":""},"categories":[8],"tags":[],"class_list":["post-834","post","type-post","status-publish","format-standard","has-post-thumbnail","hentry","category-zanimljivosti"],"aioseo_notices":[],"_links":{"self":[{"href":"https:\/\/cormne.me\/vardar\/wp-json\/wp\/v2\/posts\/834","targetHints":{"allow":["GET"]}}],"collection":[{"href":"https:\/\/cormne.me\/vardar\/wp-json\/wp\/v2\/posts"}],"about":[{"href":"https:\/\/cormne.me\/vardar\/wp-json\/wp\/v2\/types\/post"}],"author":[{"embeddable":true,"href":"https:\/\/cormne.me\/vardar\/wp-json\/wp\/v2\/users\/1"}],"replies":[{"embeddable":true,"href":"https:\/\/cormne.me\/vardar\/wp-json\/wp\/v2\/comments?post=834"}],"version-history":[{"count":1,"href":"https:\/\/cormne.me\/vardar\/wp-json\/wp\/v2\/posts\/834\/revisions"}],"predecessor-version":[{"id":837,"href":"https:\/\/cormne.me\/vardar\/wp-json\/wp\/v2\/posts\/834\/revisions\/837"}],"wp:featuredmedia":[{"embeddable":true,"href":"https:\/\/cormne.me\/vardar\/wp-json\/wp\/v2\/media\/836"}],"wp:attachment":[{"href":"https:\/\/cormne.me\/vardar\/wp-json\/wp\/v2\/media?parent=834"}],"wp:term":[{"taxonomy":"category","embeddable":true,"href":"https:\/\/cormne.me\/vardar\/wp-json\/wp\/v2\/categories?post=834"},{"taxonomy":"post_tag","embeddable":true,"href":"https:\/\/cormne.me\/vardar\/wp-json\/wp\/v2\/tags?post=834"}],"curies":[{"name":"wp","href":"https:\/\/api.w.org\/{rel}","templated":true}]}}