{"id":829,"date":"2023-08-15T14:45:34","date_gmt":"2023-08-15T14:45:34","guid":{"rendered":"https:\/\/cormne.me\/vardar\/?p=829"},"modified":"2023-08-15T14:47:18","modified_gmt":"2023-08-15T14:47:18","slug":"zele-da-oforme-makedonski-nacionalni-savjet","status":"publish","type":"post","link":"https:\/\/cormne.me\/vardar\/2023\/08\/15\/zele-da-oforme-makedonski-nacionalni-savjet\/","title":{"rendered":"\u017dele da oforme Makedonski nacionalni savjet"},"content":{"rendered":"\n<p>Nevladino udru\u017eenje &#8220;VARDAR-MKD&#8221; \u017eeli da oformi Makedonski nacionalni savjet u Crnoj Gori, koji \u0107e predstavljati najve\u0107e predstavni\u010dko tijelo Makedonaca u Crnoj Gori i predstavljati makedonski narod u oblastima obrazovanja, kulture i informisanja na makedonskom jeziku, te o\u010duvanju i za\u0161titi svojih kulturnih dobara i tradicije.<\/p>\n\n\n\n<p>&#8220;Savjet \u0107e u\u010destvovati u o\u010duvanju i odlu\u010divanju o na\u010dinu za\u0161tite, predstavljanja i o\u010duvanja nacionalnih, kulturnih, prosvjetnih, socijalnih, ekonomskih i svih drugih gra\u0111anskih i kolektivnih prava od interesa za Makedonce u Crnoj Gori, i koji \u0107e biti finansiran iz bud\u017eetskih sredstava Crne Gore koji se sada opredjeljuju za rad Srpskog, Hrvatskog, Muslimanskog, Bo\u0161nja\u010dkog, Romskog i Albanskog savjeta u Crnoj Gori&#8221;, saop\u0161tio je predsjednik NVU &#8220;VARDAR-MKD&#8221; Dejan Angelovski.<\/p>\n\n\n\n<p>Po Zakonu o manjinskim pravima i slobodama Savjet mora imati 17 \u010dlanova koji moraju imati dokaz o crnogorskom dr\u017eavljanstvu i izjavu na posebnom obrascu koji propisuje Ministarstvo ljudskih i manjinskih prava da su se izjasnili kao Makedonaci\/ke.<\/p>\n\n\n\n<p>Shodno Pravilniku za izbor \u010dlanova Savjeta manjinskog naroda ili druge manjinske nacionalne zajednice svaki \u010dlan Savjeta prethodno mora prikupiti 30 potpisa lica koja \u0107e se na posebnom obrascu izjasniti kao Makedonci\/ke i koji mogu potpisati podr\u0161ku samo za jednog \u010dlana Savjeta, \u0161to zna\u010di da je za osnivanje Makedonskog nacionalnog savjeta u Crnoj Gori potrebno prikupiti 510 pojedina\u010dnih potpisa gra\u0111ana Crne Gore koji imaju crnogorsko dr\u017eavljanstvo i koji \u0107e se kasnije potpisati izjavu na posebnom obrascu koji propisuje Ministarstvo ljudskih i manjinskih prava da su Makedonaci\/ke.<\/p>\n\n\n\n<p>Angelovski je pozvao dr\u017eavljane Crne Gore koji se izja\u0161njavaju kao Makedonci\/ke, a koji \u017eive i rade u Crnoj Gori, da kontaktiraju NVU &#8220;VARDAR-MKD&#8221; u cilju formiranja Makedonskog nacionalnog savjeta u Crnoj Gori.<\/p>\n\n\n\n<p>&#8220;Kako su Makedonci izme\u0111u sebe nedovoljno povezani i neupu\u0107eni o mogu\u0107nostima kori\u0161\u0107enja svojih prava koje imaju kao manjinski narod u Crnoj Gori potrebno je da date svoj doprinos na na\u010din da \u0107e te dostaviti na\u0161em Udru\u017eenju ili \u010dlanu na\u0161eg Udru\u017eenja va\u0161e podatke i to: ime i prezime, kontakt telefon i grad. E-mail adresa Udru\u017eenja je mkdvardar@gmail.com. Kontakt telefon 069 171 302&#8221;, naveo je Angelovski.<\/p>\n","protected":false},"excerpt":{"rendered":"<p>Nevladino udru\u017eenje &#8220;VARDAR-MKD&#8221; \u017eeli da oformi Makedonski nacionalni savjet u Crnoj Gori, koji \u0107e predstavljati najve\u0107e predstavni\u010dko tijelo Makedonaca u Crnoj Gori [&hellip;]<\/p>\n","protected":false},"author":1,"featured_media":802,"comment_status":"open","ping_status":"open","sticky":false,"template":"","format":"standard","meta":{"footnotes":""},"categories":[7],"tags":[],"class_list":["post-829","post","type-post","status-publish","format-standard","has-post-thumbnail","hentry","category-novosti"],"aioseo_notices":[],"_links":{"self":[{"href":"https:\/\/cormne.me\/vardar\/wp-json\/wp\/v2\/posts\/829","targetHints":{"allow":["GET"]}}],"collection":[{"href":"https:\/\/cormne.me\/vardar\/wp-json\/wp\/v2\/posts"}],"about":[{"href":"https:\/\/cormne.me\/vardar\/wp-json\/wp\/v2\/types\/post"}],"author":[{"embeddable":true,"href":"https:\/\/cormne.me\/vardar\/wp-json\/wp\/v2\/users\/1"}],"replies":[{"embeddable":true,"href":"https:\/\/cormne.me\/vardar\/wp-json\/wp\/v2\/comments?post=829"}],"version-history":[{"count":4,"href":"https:\/\/cormne.me\/vardar\/wp-json\/wp\/v2\/posts\/829\/revisions"}],"predecessor-version":[{"id":833,"href":"https:\/\/cormne.me\/vardar\/wp-json\/wp\/v2\/posts\/829\/revisions\/833"}],"wp:featuredmedia":[{"embeddable":true,"href":"https:\/\/cormne.me\/vardar\/wp-json\/wp\/v2\/media\/802"}],"wp:attachment":[{"href":"https:\/\/cormne.me\/vardar\/wp-json\/wp\/v2\/media?parent=829"}],"wp:term":[{"taxonomy":"category","embeddable":true,"href":"https:\/\/cormne.me\/vardar\/wp-json\/wp\/v2\/categories?post=829"},{"taxonomy":"post_tag","embeddable":true,"href":"https:\/\/cormne.me\/vardar\/wp-json\/wp\/v2\/tags?post=829"}],"curies":[{"name":"wp","href":"https:\/\/api.w.org\/{rel}","templated":true}]}}