{"id":1015,"date":"2024-10-23T10:59:44","date_gmt":"2024-10-23T10:59:44","guid":{"rendered":"https:\/\/cormne.me\/vardar\/?p=1015"},"modified":"2024-10-23T10:59:46","modified_gmt":"2024-10-23T10:59:46","slug":"23-oktobar-je-dan-makedonske-revolucionarne-borbe","status":"publish","type":"post","link":"https:\/\/cormne.me\/vardar\/2024\/10\/23\/23-oktobar-je-dan-makedonske-revolucionarne-borbe\/","title":{"rendered":"23. oktobar je dan makedonske revolucionarne borbe"},"content":{"rendered":"\n<p>23. oktobra 1893. \u0161estorica mladi\u0107a okupila su se u ku\u0107i solunskog knji\u017eara Ivana Had\u017ei Nikolova u Solunu da postave temelje onoga \u0161to \u0107e postati simbol i zastava borbe Makedonaca za slobodu. Osniva\u010di su bili: dr Hristo Tatar\u010dev, Dame Gruev, Petar Pop Arsov, Ivan Had\u017ei Nikolov, Anton Dimitrov i Hristo Batan\u0111ijev. Osnovali su zavjereni\u010dku grupu, nazvav\u0161i je Makedonski revolucionarni komitet. Organizacija se borila za oslobo\u0111enje Makedonije sopstvenim snagama, bez spoljne pomo\u0107i. Dan makedonske revolucionarne borbe je od 2007. godine progla\u0161en dr\u017eavnim praznikom i neradni je dan za sve gra\u0111ane Makedonije<\/p>\n","protected":false},"excerpt":{"rendered":"<p>23. oktobra 1893. \u0161estorica mladi\u0107a okupila su se u ku\u0107i solunskog knji\u017eara Ivana Had\u017ei Nikolova u Solunu da postave temelje onoga \u0161to [&hellip;]<\/p>\n","protected":false},"author":1,"featured_media":1016,"comment_status":"open","ping_status":"open","sticky":false,"template":"","format":"standard","meta":{"footnotes":""},"categories":[1],"tags":[],"class_list":["post-1015","post","type-post","status-publish","format-standard","has-post-thumbnail","hentry","category-uncategorized"],"aioseo_notices":[],"_links":{"self":[{"href":"https:\/\/cormne.me\/vardar\/wp-json\/wp\/v2\/posts\/1015","targetHints":{"allow":["GET"]}}],"collection":[{"href":"https:\/\/cormne.me\/vardar\/wp-json\/wp\/v2\/posts"}],"about":[{"href":"https:\/\/cormne.me\/vardar\/wp-json\/wp\/v2\/types\/post"}],"author":[{"embeddable":true,"href":"https:\/\/cormne.me\/vardar\/wp-json\/wp\/v2\/users\/1"}],"replies":[{"embeddable":true,"href":"https:\/\/cormne.me\/vardar\/wp-json\/wp\/v2\/comments?post=1015"}],"version-history":[{"count":1,"href":"https:\/\/cormne.me\/vardar\/wp-json\/wp\/v2\/posts\/1015\/revisions"}],"predecessor-version":[{"id":1017,"href":"https:\/\/cormne.me\/vardar\/wp-json\/wp\/v2\/posts\/1015\/revisions\/1017"}],"wp:featuredmedia":[{"embeddable":true,"href":"https:\/\/cormne.me\/vardar\/wp-json\/wp\/v2\/media\/1016"}],"wp:attachment":[{"href":"https:\/\/cormne.me\/vardar\/wp-json\/wp\/v2\/media?parent=1015"}],"wp:term":[{"taxonomy":"category","embeddable":true,"href":"https:\/\/cormne.me\/vardar\/wp-json\/wp\/v2\/categories?post=1015"},{"taxonomy":"post_tag","embeddable":true,"href":"https:\/\/cormne.me\/vardar\/wp-json\/wp\/v2\/tags?post=1015"}],"curies":[{"name":"wp","href":"https:\/\/api.w.org\/{rel}","templated":true}]}}